{"id":552,"date":"2019-06-30T06:58:00","date_gmt":"2019-06-30T04:58:00","guid":{"rendered":"http:\/\/www.pfarrei-elsendorf.de\/content\/?p=552"},"modified":"2019-09-29T14:47:54","modified_gmt":"2019-09-29T12:47:54","slug":"messintentionen-und-mitteilungsblatt-bis-21-07-2019","status":"publish","type":"post","link":"https:\/\/www.pfarrei-elsendorf.de\/content\/messintentionen-und-mitteilungsblatt-bis-21-07-2019\/","title":{"rendered":"Messintentionen und Mitteilungsblatt bis 21.07.2019"},"content":{"rendered":"\n<p><strong><em>Elsendorfer Kirchenspatzen<\/em><\/strong>Freitag, 5.7. und 19.7.\u00a0\u00a0\u00a0\u00a0\u00a0\u00a0\u00a0\u00a0\u00a0\u00a0\u00a0 16.15 \u2013 17.15 Uhr Singstunde im Pfarrheim<br><br>Die<strong> Krankenkommunion <\/strong>bringt Pfarrer Albert Vogl <br> am Donnerstag, 4.7.vormittags.<br><br><strong>Pfarrgemeinderatssitzung <\/strong>am 16.7. um 19.30 Uhr im Pfarrheim<br><br><strong>\u00dc-60 Grillfest <\/strong>am Donnerstag, 18.7. ab 14 Uhr im Pfarrgarten. Salatspenden werden dankbar angenommen, bitte Info an Martha Forster.<br><br><strong><em>Das Fronleichnamsfest, das Pfarrfest und n\u00e4chste Woche das Br\u00fcnnlfest erfordern den Einsatz vieler flei\u00dfiger H\u00e4nde, die sich Gott sei Dank bereit finden, sich f\u00fcr das Gelingen dieser Feste einzubringen. Ihnen gilt ein herzliches Vergelt\u00b4s Gott von Pfarrer Albert Vogl.<\/em><\/strong><br><\/p>\n\n\n\n<hr class=\"wp-block-separator\"\/>\n\n\n\n<p>Katholisches Pfarramt Elsendorf<br>\nMainburger Stra\u00dfe 1<br>\n84094 Elsendorf<br>\nTelefon: 08753\/245<br>\nFax: 08753\/910498<br>\ne-mail: pfarramt\u201cat\u201celsendorf.de<br>\nwww.pfarrei-elsendorf.de<br>\nB\u00fcrozeiten:<br>\nDienstag 8 Uhr \u2013 12 Uhr<br>\nFreitag 15 Uhr \u2013 17 Uhr<\/p>\n\n\n\n<p><\/p>\n","protected":false},"excerpt":{"rendered":"<p>Elsendorfer KirchenspatzenFreitag, 5.7. und 19.7.\u00a0\u00a0\u00a0\u00a0\u00a0\u00a0\u00a0\u00a0\u00a0\u00a0\u00a0 16.15 \u2013 17.15 Uhr Singstunde im Pfarrheim Die Krankenkommunion bringt Pfarrer Albert Vogl am Donnerstag, 4.7.vormittags. Pfarrgemeinderatssitzung am 16.7. um 19.30 Uhr im Pfarrheim \u00dc-60 Grillfest am Donnerstag, 18.7. ab 14 Uhr im Pfarrgarten. Salatspenden werden dankbar angenommen, bitte Info an Martha Forster. Das Fronleichnamsfest, das Pfarrfest und n\u00e4chste Woche &hellip; <a href=\"https:\/\/www.pfarrei-elsendorf.de\/content\/messintentionen-und-mitteilungsblatt-bis-21-07-2019\/\" class=\"more-link\"><span class=\"screen-reader-text\">Messintentionen und Mitteilungsblatt bis 21.07.2019<\/span> weiterlesen <span class=\"meta-nav\">&rarr;<\/span><\/a><\/p>\n","protected":false},"author":1,"featured_media":0,"comment_status":"closed","ping_status":"closed","sticky":false,"template":"","format":"standard","meta":{"footnotes":""},"categories":[1,9],"tags":[],"class_list":["post-552","post","type-post","status-publish","format-standard","hentry","category-allgemein","category-archiv"],"_links":{"self":[{"href":"https:\/\/www.pfarrei-elsendorf.de\/content\/wp-json\/wp\/v2\/posts\/552","targetHints":{"allow":["GET"]}}],"collection":[{"href":"https:\/\/www.pfarrei-elsendorf.de\/content\/wp-json\/wp\/v2\/posts"}],"about":[{"href":"https:\/\/www.pfarrei-elsendorf.de\/content\/wp-json\/wp\/v2\/types\/post"}],"author":[{"embeddable":true,"href":"https:\/\/www.pfarrei-elsendorf.de\/content\/wp-json\/wp\/v2\/users\/1"}],"replies":[{"embeddable":true,"href":"https:\/\/www.pfarrei-elsendorf.de\/content\/wp-json\/wp\/v2\/comments?post=552"}],"version-history":[{"count":3,"href":"https:\/\/www.pfarrei-elsendorf.de\/content\/wp-json\/wp\/v2\/posts\/552\/revisions"}],"predecessor-version":[{"id":555,"href":"https:\/\/www.pfarrei-elsendorf.de\/content\/wp-json\/wp\/v2\/posts\/552\/revisions\/555"}],"wp:attachment":[{"href":"https:\/\/www.pfarrei-elsendorf.de\/content\/wp-json\/wp\/v2\/media?parent=552"}],"wp:term":[{"taxonomy":"category","embeddable":true,"href":"https:\/\/www.pfarrei-elsendorf.de\/content\/wp-json\/wp\/v2\/categories?post=552"},{"taxonomy":"post_tag","embeddable":true,"href":"https:\/\/www.pfarrei-elsendorf.de\/content\/wp-json\/wp\/v2\/tags?post=552"}],"curies":[{"name":"wp","href":"https:\/\/api.w.org\/{rel}","templated":true}]}}