{"id":560,"date":"2019-07-28T06:32:47","date_gmt":"2019-07-28T04:32:47","guid":{"rendered":"http:\/\/www.pfarrei-elsendorf.de\/content\/?p=560"},"modified":"2019-09-29T14:48:14","modified_gmt":"2019-09-29T12:48:14","slug":"messintentionen-und-mitteilungsblatt-bis-15-09-2019","status":"publish","type":"post","link":"https:\/\/www.pfarrei-elsendorf.de\/content\/messintentionen-und-mitteilungsblatt-bis-15-09-2019\/","title":{"rendered":"Messintentionen und Mitteilungsblatt bis 15.09.2019"},"content":{"rendered":"\n<p><strong>Kirchenverwaltung Elsendorf<\/strong><br>Der Haushaltsplan zur Kirchenrechnung 2019 liegt von 22.7. bis 5.8. im Pfarrb\u00fcro auf.<br><br><strong>Kirchenchor<\/strong><br> Montag, 22.7.    19.30 Uhr   Singstunde in der Pfarrkirche<br> Montag, 12.8.    19.30 Uhr   Singstunde in der Pfarrkirche<br> Mittwoch, 14.8.         18.20 Uhr      Einsingen f\u00fcr VGO Maria Himmelfahrt<br><br><strong>Elsendorfer Kirchenspatzen<\/strong><br> Freitag, 26.7.    16.15 \u2013 17.15 Uhr   Singstunde im Pfarrheim<br> Sonntag, 28.7.    9.15 Uhr          Einsingen f\u00fcr FamGO am Sportplatz<br> Freitag, 13.9.    16.15 \u2013 17.15 Uhr   Singstunde im Pfarrheim<br><em>Nachwuchs bei Kirchenspatzen herzlich willkommen<\/em><br><em>Die Kirchenspatzen mit ihren Chorleiterinnen freuen sich, viele Neuzug\u00e4nge  singfreudige M\u00e4dchen und Buben ab der 1. Klasse <br> aus unserer Pfarreiengemeinschaft &#8211; <br> zur ersten Singstunde nach den Sommerferien,<br> am Freitag, 13.09.2019 von 16.15- 17.15 Uhr <br> im Pfarrheim begr\u00fc\u00dfen zu k\u00f6nnen.<\/em><br><br><strong>Donnerstag 22.8. &#8211; Seniorennachmittag<\/strong><br>Im Rahmen des Ferienprogrammes sind die Senioren am Donnerstag, 22.08. ab 14 Uhr ins Pfarrheim eingeladen.<br> Unter der Leitung von Silvia Fischer (Kirchenspatzen) und vom KDFB bereiten Kinder den Senioren einen unterhaltsamen Nachmittag vor.<br> Es werden wieder gemeinsam Lieder gesungen, in der Pause gibt es wie immer Kaffee und Kuchen.<br>Das ist keine Veranstaltung der Kirchenspatzen. Ich bin nur als eine der Chorleiterinnen der Kirchenspatzen sozusagen der &#8222;Veranstalter&#8220;, der dieses Ferienprogramm vorbereitet und durchf\u00fchrt. Weil es alleine kaum mehr zu schaffen ist, habe ich mir den KDFB ins Boot geholt &#8211; das ist mit Maria Linseisen abgesprochen. Zu diesem Ferienprogramm k\u00f6nnen sich ALLE Kinder anmelden und ist nicht &#8222;nur&#8220; eine Aktion der Kirchenspatzen!<br><br><strong>Mutter \u2013 Kind Gruppe<\/strong><br> Durch die Aufnahme einiger Kinder in den Kindergarten sind in der Dienstagsgruppe Pl\u00e4tze frei geworden. Bei Interesse an gemeinsamen Stunden (8.45 Uhr \u2013 10.15 Uhr)  mit M\u00fcttern und Kindern im Alter bis zu 4 Jahren melden Sie sich bitte bei der Leiterin der MuKi-Gruppe, <br> Juliane Buchner, Tel. 0163 1337 382.<br><br><strong>Urlaubszeit<\/strong><br> Pfarrer Albert Vogl ist ab 29. Juli bis 19. August in Urlaub. Die Vertretungen bei den Gottesdiensten haben Pfarrer Josef  Schinagl, Pfarrer Siegfried Felber und Pater Maximilian \u00fcbernommen. Bei Sterbef\u00e4llen w\u00e4hrend der Urlaubszeit  k\u00f6nnen Sie sich direkt an Pater Maximilian im Kloster wenden.<br><br><strong>Krankenkommunion<\/strong><br> Das n\u00e4chste Mal bringt Pfarrer Albert Vogl die Krankenkommunion am  Donnerstag, den 12. September.<br>___________________________________________________________________<br><br>Katholisches Pfarramt Elsendorf<br> Mainburger Stra\u00dfe 1<br> 84094 Elsendorf<br> Telefon: 08753\/245<br> Fax: 08753\/910498<br> e-mail: pfarramt\u201cat\u201celsendorf.de<br> www.pfarrei-elsendorf.de<br> B\u00fcrozeiten:<br><br> Dienstag 8 Uhr \u2013 12 Uhr<br> Freitag 15 Uhr \u2013 17 Uhr<br><strong> <\/strong><br><strong>Das Pfarrb\u00fcro ist w\u00e4hrend der Sommerferien <\/strong><br><strong>nur dienstags ge\u00f6ffnet. <\/strong><br><strong>Am  Dienstag, den 10. September ist das <\/strong><br><strong>Pfarrb\u00fcro geschlossen. <\/strong><\/p>\n","protected":false},"excerpt":{"rendered":"<p>Kirchenverwaltung ElsendorfDer Haushaltsplan zur Kirchenrechnung 2019 liegt von 22.7. bis 5.8. im Pfarrb\u00fcro auf. Kirchenchor Montag, 22.7. 19.30 Uhr Singstunde in der Pfarrkirche Montag, 12.8. 19.30 Uhr Singstunde in der Pfarrkirche Mittwoch, 14.8. 18.20 Uhr Einsingen f\u00fcr VGO Maria Himmelfahrt Elsendorfer Kirchenspatzen Freitag, 26.7. 16.15 \u2013 17.15 Uhr Singstunde im Pfarrheim Sonntag, 28.7. 9.15 Uhr &hellip; <a href=\"https:\/\/www.pfarrei-elsendorf.de\/content\/messintentionen-und-mitteilungsblatt-bis-15-09-2019\/\" class=\"more-link\"><span class=\"screen-reader-text\">Messintentionen und Mitteilungsblatt bis 15.09.2019<\/span> weiterlesen <span class=\"meta-nav\">&rarr;<\/span><\/a><\/p>\n","protected":false},"author":1,"featured_media":0,"comment_status":"closed","ping_status":"closed","sticky":false,"template":"","format":"standard","meta":{"footnotes":""},"categories":[1,9],"tags":[],"class_list":["post-560","post","type-post","status-publish","format-standard","hentry","category-allgemein","category-archiv"],"_links":{"self":[{"href":"https:\/\/www.pfarrei-elsendorf.de\/content\/wp-json\/wp\/v2\/posts\/560","targetHints":{"allow":["GET"]}}],"collection":[{"href":"https:\/\/www.pfarrei-elsendorf.de\/content\/wp-json\/wp\/v2\/posts"}],"about":[{"href":"https:\/\/www.pfarrei-elsendorf.de\/content\/wp-json\/wp\/v2\/types\/post"}],"author":[{"embeddable":true,"href":"https:\/\/www.pfarrei-elsendorf.de\/content\/wp-json\/wp\/v2\/users\/1"}],"replies":[{"embeddable":true,"href":"https:\/\/www.pfarrei-elsendorf.de\/content\/wp-json\/wp\/v2\/comments?post=560"}],"version-history":[{"count":6,"href":"https:\/\/www.pfarrei-elsendorf.de\/content\/wp-json\/wp\/v2\/posts\/560\/revisions"}],"predecessor-version":[{"id":566,"href":"https:\/\/www.pfarrei-elsendorf.de\/content\/wp-json\/wp\/v2\/posts\/560\/revisions\/566"}],"wp:attachment":[{"href":"https:\/\/www.pfarrei-elsendorf.de\/content\/wp-json\/wp\/v2\/media?parent=560"}],"wp:term":[{"taxonomy":"category","embeddable":true,"href":"https:\/\/www.pfarrei-elsendorf.de\/content\/wp-json\/wp\/v2\/categories?post=560"},{"taxonomy":"post_tag","embeddable":true,"href":"https:\/\/www.pfarrei-elsendorf.de\/content\/wp-json\/wp\/v2\/tags?post=560"}],"curies":[{"name":"wp","href":"https:\/\/api.w.org\/{rel}","templated":true}]}}