{"id":960,"date":"2021-03-15T20:21:58","date_gmt":"2021-03-15T19:21:58","guid":{"rendered":"https:\/\/www.pfarrei-elsendorf.de\/content\/?p=960"},"modified":"2021-04-25T14:50:18","modified_gmt":"2021-04-25T12:50:18","slug":"960-2","status":"publish","type":"post","link":"https:\/\/www.pfarrei-elsendorf.de\/content\/960-2\/","title":{"rendered":"Pfarrbrief &#8211; MESSINTENTIONEN UND MITTEILUNGSBLATT BIS 28.03.2021"},"content":{"rendered":"<p style=\"text-align: left;\"><strong>Homepage der Pfarrei um neue Kategorie erweitert<\/strong><br \/>\nDie Internetseite der Pfarrei Elsendorf und Appersdorf wurde um eine neue Kategorie \u2013 Kinderkirche &#8211; erweitert. Auf der Seite stellen wir kindergerechte Informationen zum Kirchenjahr zur Verf\u00fcgung. Das sind Videos, Spiele, R\u00e4tsel usw. die den Kindern helfen das Kirchenjahr besser zu verstehen. Weiterhin k\u00f6nnen aktuelle Infos zur Erstkommunion und Firmung nachgelesen werden.<br \/>\n<a href=\"https:\/\/www.pfarrei-elsendorf.de\/content\/Kinderkirche\/\">Zur Kinderkirche online<\/a><\/p>\n<p><strong>Kommunionkinder<\/strong><br \/>\nAm Freitag den 19.03. findet um 19 Uhr der Elternabend f\u00fcr die Eltern der Erstkommunionkinder in der Pfarrkirche statt.<\/p>\n<p>Zum Sch\u00fclergottesdienst am 24.03. treffen sich die Kommunionkinder um 16.40 Uhr vor der Kirche.<\/p>\n<p><strong>Isidori Bruderschaft<\/strong><br \/>\nZum gemeinsamen Gottesdienst am 23.03. sind auch Nichtmitglieder herzlich willkommen. Die Einschreibung ist ab 18 Uhr im Pfarrb\u00fcro m\u00f6glich.<\/p>\n<p><strong>Der Kath. Frauenbund Elsendorf<\/strong><br \/>\nhat auch heuer wieder Palmb\u00fcscherl gebastelt und bietet diese bei \u201eLonati\u201c in Elsendorf zum Preis von 2,50 Euro an.<br \/>\nZus\u00e4tzlich werden in Appersdorf nach dem Gottesdienst am 21.3. und 28.3. und in Elsendorf am 20. und 21.3.2021 Palmb\u00fcscherl verkauft.<\/p>\n<p><strong>Nachtwache am Gr\u00fcndonnerstag<\/strong><br \/>\nDie Liste f\u00fcr die Nachtwache am Gr\u00fcndonnerstag liegt ab 20.03. in der Kirche auf.<\/p>\n<p><em>Zum Familiengottesdienst am 20.03. m\u00f6chten wir junge Familien mit ihren Kindern, sowie die Kommunionkinder und Firmlinge recht herzlich einladen.<\/em><\/p>\n<p><strong>Palmesel-Gehen der Ministranten<\/strong><br \/>\nLeider kann in diesem Jahr der alte Brauch des Palmesel-Gehens aufgrund der Corona-Beschr\u00e4nkungen nicht durchgef\u00fchrt werden. Die Jesusfigur wird aber am Palmsonntag mit Herrn Pfarrer Vogl und den Ministranten in die Kirche einziehen.<\/p>\n<hr \/>\n<p>Katholisches Pfarramt Elsendorf<br \/>\nMainburger Stra\u00dfe 1<br \/>\n84094 Elsendorf<br \/>\nTelefon: 08753\/245<br \/>\nFax: 08753\/910498<br \/>\ne-mail: elsendorf\u201cAT\u201cbistum-regensburg.de<br \/>\nwww.pfarrei-elsendorf.de<br \/>\nB\u00fcrozeiten:<br \/>\nDienstag 8:30 Uhr \u2013 12:00 Uhr<br \/>\nFreitag 15:00 Uhr \u2013 17:00 Uhr<br \/>\nLink zur Caritas Sozialstation Mainburg<\/p>\n","protected":false},"excerpt":{"rendered":"<p>Homepage der Pfarrei um neue Kategorie erweitert Die Internetseite der Pfarrei Elsendorf und Appersdorf wurde um eine neue Kategorie \u2013 Kinderkirche &#8211; erweitert. Auf der Seite stellen wir kindergerechte Informationen zum Kirchenjahr zur Verf\u00fcgung. Das sind Videos, Spiele, R\u00e4tsel usw. die den Kindern helfen das Kirchenjahr besser zu verstehen. Weiterhin k\u00f6nnen aktuelle Infos zur Erstkommunion &hellip; <a href=\"https:\/\/www.pfarrei-elsendorf.de\/content\/960-2\/\" class=\"more-link\"><span class=\"screen-reader-text\">Pfarrbrief &#8211; MESSINTENTIONEN UND MITTEILUNGSBLATT BIS 28.03.2021<\/span> weiterlesen <span class=\"meta-nav\">&rarr;<\/span><\/a><\/p>\n","protected":false},"author":1,"featured_media":0,"comment_status":"closed","ping_status":"closed","sticky":false,"template":"","format":"standard","meta":{"footnotes":""},"categories":[1,9],"tags":[12,16,20,19,18,11,26,29,28,27,25,17,30,14,15,22,33,31,32,34,35,10,21,23,24,13],"class_list":["post-960","post","type-post","status-publish","format-standard","hentry","category-allgemein","category-archiv","tag-appersdorf","tag-berghausen","tag-bistum-eichstaett","tag-bistum-regensburg","tag-carita-sozialstation","tag-elsendorf","tag-erstkommunion-2021","tag-farrkirche-maria-immaculata","tag-firmung","tag-firmung-2021","tag-frauenbund","tag-haunsbach","tag-katholischer-frauenbund-elsendorf","tag-kommunion","tag-kommunion-2021","tag-maria-immaculata","tag-palmbuschenverkauf","tag-palmesel-elsendorf","tag-palmeselgehen-elsendorf","tag-pfarrbrief","tag-pfarrbrief-elsendorf","tag-pfarrei","tag-pfarrei-appersdorf","tag-pfarrei-elsendorf","tag-pfarrer-albert-vogl","tag-pfarrer-vogl"],"_links":{"self":[{"href":"https:\/\/www.pfarrei-elsendorf.de\/content\/wp-json\/wp\/v2\/posts\/960","targetHints":{"allow":["GET"]}}],"collection":[{"href":"https:\/\/www.pfarrei-elsendorf.de\/content\/wp-json\/wp\/v2\/posts"}],"about":[{"href":"https:\/\/www.pfarrei-elsendorf.de\/content\/wp-json\/wp\/v2\/types\/post"}],"author":[{"embeddable":true,"href":"https:\/\/www.pfarrei-elsendorf.de\/content\/wp-json\/wp\/v2\/users\/1"}],"replies":[{"embeddable":true,"href":"https:\/\/www.pfarrei-elsendorf.de\/content\/wp-json\/wp\/v2\/comments?post=960"}],"version-history":[{"count":6,"href":"https:\/\/www.pfarrei-elsendorf.de\/content\/wp-json\/wp\/v2\/posts\/960\/revisions"}],"predecessor-version":[{"id":966,"href":"https:\/\/www.pfarrei-elsendorf.de\/content\/wp-json\/wp\/v2\/posts\/960\/revisions\/966"}],"wp:attachment":[{"href":"https:\/\/www.pfarrei-elsendorf.de\/content\/wp-json\/wp\/v2\/media?parent=960"}],"wp:term":[{"taxonomy":"category","embeddable":true,"href":"https:\/\/www.pfarrei-elsendorf.de\/content\/wp-json\/wp\/v2\/categories?post=960"},{"taxonomy":"post_tag","embeddable":true,"href":"https:\/\/www.pfarrei-elsendorf.de\/content\/wp-json\/wp\/v2\/tags?post=960"}],"curies":[{"name":"wp","href":"https:\/\/api.w.org\/{rel}","templated":true}]}}