{"id":975,"date":"2021-03-27T14:16:05","date_gmt":"2021-03-27T13:16:05","guid":{"rendered":"https:\/\/www.pfarrei-elsendorf.de\/content\/?p=975"},"modified":"2021-05-15T15:57:26","modified_gmt":"2021-05-15T13:57:26","slug":"pfarrbrief-messintentionen-und-mitteilungsblatt-bis-25-04-2021","status":"publish","type":"post","link":"https:\/\/www.pfarrei-elsendorf.de\/content\/pfarrbrief-messintentionen-und-mitteilungsblatt-bis-25-04-2021\/","title":{"rendered":"Pfarrbrief &#8211; MESSINTENTIONEN UND MITTEILUNGSBLATT BIS 25.04.2021"},"content":{"rendered":"<p><strong>Nachtwache am Gr\u00fcndonnerstag<\/strong><br \/>\n<strong>Entf\u00e4llt<\/strong> aufgrund der Coronabestimmungen (Ausgangssperre)<\/p>\n<p><strong>Die Ministranten<\/strong><br \/>\nk\u00f6nnen aufgrund der Coronabestimmungen am Palmsonntag und Karfreitag nicht die H\u00e4user in der Pfarrgemeinde besuchen.<\/p>\n<p><strong>Osternachtsfeier Elsendorf<\/strong><br \/>\nDer Frauenbund verkauft vor der Kirche Osterkerzen f\u00fcr 1,50\u20ac. Zudem k\u00f6nnen die Kerzen bereits am Samstag Nachmittag erworben werden. Am rechten Seitenaltar stehen die Kerzen bereit.<br \/>\nDa durch Corona in der Osternacht nur eine begrenzte Anzahl an Pl\u00e4tzen zur Verf\u00fcgung steht, k\u00f6nnen bereits ab Nachmittag die Osterspeisen in der Kirche abgestellt und ab ca. 21 Uhr wieder geholt werden.<\/p>\n<p><em><strong>WICHTIG: Wenn das Platzangebot in der Kirche ausgesch\u00f6pft ist, k\u00f6nnen leider keine Personen mehr am Gottesdienst teilnehmen!!<\/strong><\/em><\/p>\n<p><strong>Die Opferk\u00e4stchen der Kinder<\/strong><br \/>\nK\u00f6nnen an den Ostergottesdiensten ins Spendenk\u00f6rbchen gelegt werden.<\/p>\n<p><strong>Infos f\u00fcr Kommunionkinder<\/strong><br \/>\nSamstag 10.04.<br \/>\n1. Gruppenstunde im Pfarrheim<br \/>\nSamstag 17.04.<br \/>\n2. Gruppenstunde im Pfarrheim<br \/>\nSonntag 18.04.<br \/>\n09:00 Uhr Elsendorf \u2013 Vorstellung Kommunionkinder<br \/>\n10:00 Uhr Appersdorf \u2013 Vorstellung Kommunionkinder<br \/>\nN\u00e4here Informationen zu den Terminen findet Ihr auf dem aktuellen Kommunionplan. \u00c4nderungen, die aufgrund der aktuellen Situation die Termine beeintr\u00e4chtigen, werden \u00fcber die WhatsApp Gruppe und die Homepage der Pfarrei Elsendorf bekannt gegeben.<\/p>\n<p><strong>Markusprozession am Samstag 24.04.<\/strong><br \/>\nAufgrund der Corona-Bestimmungen entf\u00e4llt die Markusprozession. Der Gottesdienst wird als Vorabendmesse f\u00fcr Appersdorf\/Haunsbach eingetragen<\/p>\n<p><strong>Sammlung von alten Brillen, H\u00f6rger\u00e4ten und Briefmarken<\/strong><br \/>\nChrista Neumayer sammelt f\u00fcr Afrika alte Brillen, H\u00f6rger\u00e4te und abgestempelte Briefmarken.<br \/>\nWir w\u00fcrden uns sehr freuen wenn viele Pfarrgemeindemitglieder ihre alten Brillen, H\u00f6rger\u00e4te und abgestempelte Briefmarken im Pfarrb\u00fcro oder bei Christa Neumayer (Mainburger Str. 19) abgeben um so die Aktionen \u201eBrillen weltweit\u201c und \u201eMedikamente f\u00fcr Tansania\u201c zu unterst\u00fctzen. <strong><em>Diese Aktion ist immer g\u00fcltig<\/em><\/strong> und Frau Neumayer hat sich angeboten die gesammelten Gegenst\u00e4nde an die Organisationen weiterzuleiten.<\/p>\n<hr \/>\n<p style=\"text-align: center;\"><strong><em>Osterspaziergang <\/em><\/strong><\/p>\n<p>Eine der sch\u00f6nsten Beschreibungen festlicher Osterstimmung, die die deutsche Literatur kennt, lesen wir im Faust von Johann Wolfgang von Goethe. Goethe schildert das muntere Treiben der Menschen vor der Stadtmauer und l\u00e4sst Faust ausrufen:<\/p>\n<p style=\"text-align: center;\">\u201eAus dem hohlen finstern Tor<br \/>\ndringt ein buntes Gewimmel hervor.<br \/>\nJeder sonnt sich heute so gern.<br \/>\nSie feiern die Auferstehung des Herrn,<br \/>\ndenn sie sind selber auferstanden,<br \/>\naus niedriger H\u00e4user dumpfen Gem\u00e4chern,<br \/>\naus Handwerks- und Gewerbebanden,<br \/>\naus dem Druck von Giebeln und D\u00e4chern,<br \/>\naus der Stra\u00dfen quetschender Enge,<br \/>\naus der Kirchen ehrw\u00fcrdiger Nacht.<br \/>\nsind sie alle ans Licht gebracht.\u201c<\/p>\n<p>Hinter diesem \u00f6sterlichen Stimmungsbild verbirgt sich eine theologische Wahrheit. \u201eSie feiern die Auferstehung des Herrn, denn sie sind selber auferstanden.\u201c<br \/>\nDie Auferstehung Jesu hat etwas mit unserer eigenen Auferstehung zu tun, hat etwas damit zu tun, dass wir aufwachen und lebendig werden:\u00a0 nicht erst nach dem Tod, sondern jetzt schon, mitten im Leben. Die Fr\u00fchlingskraft Gottes bricht sich Bahn und l\u00e4sst Menschen aufstehen aus ihrer Enge und ihrer Angst, aus den Fesseln beruflicher oder privater Zw\u00e4nge, aus der L\u00e4hmung festgefahrener Beziehungen. Wenn Christen von Ostern sprechen, von der Auferstehung Jesu, dann juckt es sie gewisserma\u00dfen in den Beinen und kribbelt es sie im Herzen, selbst aufzustehen und wach zu werden, sich anstecken zu lassen von dem, was die hl. Hildegard von Bingen die \u201eGr\u00fcnkraft des Lebens\u201c nannte.<br \/>\nOstern ist aber mehr als das Erwachen frischer Fr\u00fchlingsgef\u00fchle oder eine geistliche Hormonspritze f\u00fcr neue Vitalit\u00e4t. Die Auferstehung Jesu ist der Angelpunkt unseres Glaubens. Hier entscheidet sich der Glaube an den rettenden und befreienden Gott. Diesen Gott hatte Jesus verk\u00fcndigt, f\u00fcr die Botschaft von der grenzenlosen Liebe dieses Gottes hatte er sein Leben riskiert.<br \/>\nBis zum Tod Jesu am Kreuz reichen die historischen Fakten. Doch dann muss etwas \u00dcberraschendes passiert sein. Denn kurze Zeit sp\u00e4ter tauchen seine verschreckten und eingesch\u00fcchterten J\u00fcnger wieder auf. Sie verbreiten die Botschaft:<br \/>\n\u201eDer Gekreuzigte lebt. Gott hat ihn auferweckt und zu sich geholt.\u201c<br \/>\nDas ist die g\u00f6ttliche Best\u00e4tigung f\u00fcr den Propheten aus Nazareth, der jetzt selbst zur Rechten Gottes sitzt, strahlend von g\u00f6ttlicher Herrlichkeit. Es ist wahr, was er geglaubt und wof\u00fcr er gelebt hat.<br \/>\nWeihnachten und Ostern \u2013 zwei Feste, an denen neues Leben gefeiert wird: Ein Kind wird geboren aus dem Scho\u00df seiner Mutter, und ein Toter steht auf aus dem Scho\u00df der Erde, der H\u00f6hle des Grabes. Geburt und Neugeburt, Sch\u00f6pfung und Neusch\u00f6pfung. Ein Licht kam in die Finsternis \u2013 so hie\u00df es an Weihnachten, jetzt ist es die Osterkerze, die in der Dunkelheit leuchtet.<br \/>\nDavon ist unser Leben \u00fcberstrahlt. Das Licht von Weihnachten und das Licht von Ostern leuchtet \u00fcber unseren Wegen.<\/p>\n<p><em><strong>Ein gesegnetes Osterfest<\/strong><\/em><br \/>\n<em><strong>w\u00fcnscht Ihnen<\/strong><\/em><br \/>\n<em><strong>Ihr Pfarrer Vogl<\/strong><\/em><br \/>\n<em><strong>mit allen Mitarbeitern<\/strong><\/em><\/p>\n<hr \/>\n<p><em><strong>Michael Fellner mit Ehrenzeichen des\u00a0 <\/strong><\/em><br \/>\n<em><strong>Bayer. Ministerpr\u00e4sidenten Markus S\u00f6der ausgezeichnet<\/strong><\/em><\/p>\n<p>Herr Fellner wurde durch seine jahrzehntelange ehrenamtliche T\u00e4tigkeit in mehreren Ehren\u00e4mtern ausgezeichnet.<br \/>\nEinige seiner ehrenamtlichen T\u00e4tigkeiten f\u00fchrt er in der Pfarrei Appersdorf als Mesner seit 1975 und als Mitglied der Kirchenverwaltung Appersdorf seit 1982 aus.<br \/>\nZudem ist er seit 1988 Kirchenpfleger. Durch sein enormes Fachwissen, handwerkliches Geschick und gro\u00dfer Umsicht in diesem Aufgabengebiet zeichnet sich Herr Fellner aus.<br \/>\nEine enorme Leistung sind die Bauma\u00dfnahmen w\u00e4hrend dieser Zeit als Kirchenpfleger, bei denen viele Renovierungsarbeiten in Eigenleistung erbracht wurden und dadurch die Kirchenkasse extrem entlastet worden ist.<br \/>\nWeiter gilt aber auch seiner Frau Ursula und seinem Sohn Michael ein aufrichtiger Dank f\u00fcr ihre Unterst\u00fctzung in seiner gewissenhaften T\u00e4tigkeit als Mesner, die er sets zuverl\u00e4ssig und engagiert aus\u00fcbt.<br \/>\nBedingt durch die Coronapandemie wurde die pers\u00f6nliche Verleihung der Auszeichnung immer wieder verschoben und letztendlich per Post zugestellt.<br \/>\nWegen der Coronapandemie und mit Abstimmung der anderen Vertreter seiner lobenswerten T\u00e4tigkeiten konnte erst jetzt<br \/>\n\u00fcber die Auszeichnung berichtet werden.<\/p>\n<hr \/>\n<p>Katholisches Pfarramt Elsendorf<br \/>\nMainburger Stra\u00dfe 1<br \/>\n84094 Elsendorf<br \/>\nTelefon: 08753\/245<br \/>\nFax: 08753\/910498<br \/>\ne-mail: elsendorf\u201cAT\u201cbistum-regensburg.de<br \/>\nwww.pfarrei-elsendorf.de<br \/>\nB\u00fcrozeiten:<br \/>\nDienstag 8:30 Uhr \u2013 12:00 Uhr<br \/>\nFreitag 15:00 Uhr \u2013 17:00 Uhr<br \/>\n<a href=\"http:\/\/www.sozialstation-mainburg.de\/\" target=\"_blank\" rel=\"noreferrer noopener\">Link zur Caritas Sozialstation Mainburg<\/a><\/p>\n","protected":false},"excerpt":{"rendered":"<p>Nachtwache am Gr\u00fcndonnerstag Entf\u00e4llt aufgrund der Coronabestimmungen (Ausgangssperre) Die Ministranten k\u00f6nnen aufgrund der Coronabestimmungen am Palmsonntag und Karfreitag nicht die H\u00e4user in der Pfarrgemeinde besuchen. Osternachtsfeier Elsendorf Der Frauenbund verkauft vor der Kirche Osterkerzen f\u00fcr 1,50\u20ac. Zudem k\u00f6nnen die Kerzen bereits am Samstag Nachmittag erworben werden. Am rechten Seitenaltar stehen die Kerzen bereit. Da durch &hellip; <a href=\"https:\/\/www.pfarrei-elsendorf.de\/content\/pfarrbrief-messintentionen-und-mitteilungsblatt-bis-25-04-2021\/\" class=\"more-link\"><span class=\"screen-reader-text\">Pfarrbrief &#8211; MESSINTENTIONEN UND MITTEILUNGSBLATT BIS 25.04.2021<\/span> weiterlesen <span class=\"meta-nav\">&rarr;<\/span><\/a><\/p>\n","protected":false},"author":1,"featured_media":0,"comment_status":"closed","ping_status":"closed","sticky":false,"template":"","format":"standard","meta":{"footnotes":""},"categories":[1,9],"tags":[12,11,26,17,30,15,22,31,34,35,21,23,24,13],"class_list":["post-975","post","type-post","status-publish","format-standard","hentry","category-allgemein","category-archiv","tag-appersdorf","tag-elsendorf","tag-erstkommunion-2021","tag-haunsbach","tag-katholischer-frauenbund-elsendorf","tag-kommunion-2021","tag-maria-immaculata","tag-palmesel-elsendorf","tag-pfarrbrief","tag-pfarrbrief-elsendorf","tag-pfarrei-appersdorf","tag-pfarrei-elsendorf","tag-pfarrer-albert-vogl","tag-pfarrer-vogl"],"_links":{"self":[{"href":"https:\/\/www.pfarrei-elsendorf.de\/content\/wp-json\/wp\/v2\/posts\/975","targetHints":{"allow":["GET"]}}],"collection":[{"href":"https:\/\/www.pfarrei-elsendorf.de\/content\/wp-json\/wp\/v2\/posts"}],"about":[{"href":"https:\/\/www.pfarrei-elsendorf.de\/content\/wp-json\/wp\/v2\/types\/post"}],"author":[{"embeddable":true,"href":"https:\/\/www.pfarrei-elsendorf.de\/content\/wp-json\/wp\/v2\/users\/1"}],"replies":[{"embeddable":true,"href":"https:\/\/www.pfarrei-elsendorf.de\/content\/wp-json\/wp\/v2\/comments?post=975"}],"version-history":[{"count":7,"href":"https:\/\/www.pfarrei-elsendorf.de\/content\/wp-json\/wp\/v2\/posts\/975\/revisions"}],"predecessor-version":[{"id":982,"href":"https:\/\/www.pfarrei-elsendorf.de\/content\/wp-json\/wp\/v2\/posts\/975\/revisions\/982"}],"wp:attachment":[{"href":"https:\/\/www.pfarrei-elsendorf.de\/content\/wp-json\/wp\/v2\/media?parent=975"}],"wp:term":[{"taxonomy":"category","embeddable":true,"href":"https:\/\/www.pfarrei-elsendorf.de\/content\/wp-json\/wp\/v2\/categories?post=975"},{"taxonomy":"post_tag","embeddable":true,"href":"https:\/\/www.pfarrei-elsendorf.de\/content\/wp-json\/wp\/v2\/tags?post=975"}],"curies":[{"name":"wp","href":"https:\/\/api.w.org\/{rel}","templated":true}]}}